{"id":1304,"date":"2016-05-04T09:11:07","date_gmt":"2016-05-04T12:11:07","guid":{"rendered":"http:\/\/duasmariola.com.br\/?p=1304"},"modified":"2016-12-20T14:52:32","modified_gmt":"2016-12-20T17:52:32","slug":"a-morte-de-jp-cuenca-em-campanha-de-pre-venda","status":"publish","type":"post","link":"http:\/\/duasmariola.com.br\/?p=1304","title":{"rendered":"&#8220;A Morte de JP Cuenca&#8221; estreia no Canal Brasil"},"content":{"rendered":"<p>O filme do escritor, ensa\u00edsta e diretor Jo\u00e3o Paulo Cuenca depois de uma bela carreira nos&nbsp;cinemas e&nbsp;em festivais como CPHDOX, BAFICI, Festival do Rio, agora vai estrear na televis\u00e3o.<\/p>\n<p>&#8220;A Morte de JP Cuenca&#8221;&nbsp;narra uma investiga\u00e7\u00e3o real e ficcional em torno da figura de um homem que roubou o nome e a identidade do escritor para morrer em um pr\u00e9dio abandonado no centro do Rio de Janeiro. O filme, rodado em 2014, tem como protagonista a atriz Ana Fl\u00e1via Cavalcantti.<\/p>\n<p>O filme estar\u00e1 na grade do Canal Brasil a partir de setembro de 2016, dentro da programa &#8220;Sele\u00e7\u00e3o Brasileira&#8221; pertencente ao canal.<\/p>\n<p>Link para mat\u00e9ria: <a href=\"http:\/\/canalbrasil.globo.com\/programas\/selecao-brasileira\/materias\/a-morte-de-j-p-cuenca-sera-exibido-em-setembro.html\">http:\/\/canalbrasil.globo.com\/programas\/selecao-brasileira\/materias\/a-morte-de-j-p-cuenca-sera-exibido-em-setembro.html<\/a><\/p>\n<p>&nbsp;<\/p>\n","protected":false},"excerpt":{"rendered":"<p>O filme do escritor, ensa\u00edsta e diretor Jo\u00e3o Paulo Cuenca depois de uma bela carreira nos&nbsp;cinemas e&nbsp;em festivais como CPHDOX, BAFICI, Festival do Rio, agora vai estrear na televis\u00e3o. &#8220;A Morte de JP Cuenca&#8221;&nbsp;narra uma investiga\u00e7\u00e3o real e ficcional em torno da figura de um homem que roubou o nome e a identidade do escritor [&hellip;]<\/p>\n","protected":false},"author":1,"featured_media":1305,"comment_status":"closed","ping_status":"open","sticky":false,"template":"","format":"standard","meta":{"ngg_post_thumbnail":0},"categories":[1],"tags":[],"_links":{"self":[{"href":"http:\/\/duasmariola.com.br\/index.php?rest_route=\/wp\/v2\/posts\/1304"}],"collection":[{"href":"http:\/\/duasmariola.com.br\/index.php?rest_route=\/wp\/v2\/posts"}],"about":[{"href":"http:\/\/duasmariola.com.br\/index.php?rest_route=\/wp\/v2\/types\/post"}],"author":[{"embeddable":true,"href":"http:\/\/duasmariola.com.br\/index.php?rest_route=\/wp\/v2\/users\/1"}],"replies":[{"embeddable":true,"href":"http:\/\/duasmariola.com.br\/index.php?rest_route=%2Fwp%2Fv2%2Fcomments&post=1304"}],"version-history":[{"count":7,"href":"http:\/\/duasmariola.com.br\/index.php?rest_route=\/wp\/v2\/posts\/1304\/revisions"}],"predecessor-version":[{"id":1435,"href":"http:\/\/duasmariola.com.br\/index.php?rest_route=\/wp\/v2\/posts\/1304\/revisions\/1435"}],"wp:featuredmedia":[{"embeddable":true,"href":"http:\/\/duasmariola.com.br\/index.php?rest_route=\/wp\/v2\/media\/1305"}],"wp:attachment":[{"href":"http:\/\/duasmariola.com.br\/index.php?rest_route=%2Fwp%2Fv2%2Fmedia&parent=1304"}],"wp:term":[{"taxonomy":"category","embeddable":true,"href":"http:\/\/duasmariola.com.br\/index.php?rest_route=%2Fwp%2Fv2%2Fcategories&post=1304"},{"taxonomy":"post_tag","embeddable":true,"href":"http:\/\/duasmariola.com.br\/index.php?rest_route=%2Fwp%2Fv2%2Ftags&post=1304"}],"curies":[{"name":"wp","href":"https:\/\/api.w.org\/{rel}","templated":true}]}}